{"id":1114,"date":"2025-01-14T19:52:50","date_gmt":"2025-01-15T01:52:50","guid":{"rendered":"https:\/\/www.kyodaikaratedo.com\/?p=1114"},"modified":"2025-08-20T14:56:07","modified_gmt":"2025-08-20T20:56:07","slug":"5-encuentro-marcial-kyodai-2025","status":"publish","type":"post","link":"https:\/\/www.kyodaikaratedo.com\/index.php\/2025\/01\/14\/5-encuentro-marcial-kyodai-2025\/","title":{"rendered":"5\u00b0 ENCUENTRO MARCIAL KY\u014cDAI 2025"},"content":{"rendered":"\n<h2 class=\"wp-block-heading\">KY\u014cDAI KARATE DO te da la bienvenida y se congratula de tu participaci\u00f3n en este importante evento.<\/h2>\n\n\n\n<p>\u00a1\u00danete al emocionante 5to Encuentro Marcial Ky\u014ddai 2025!<\/p>\n\n\n\n<p>\u00a1Amantes del karate y guerreros de coraz\u00f3n, les extendemos una c\u00e1lida invitaci\u00f3n al 5to Encuentro Marcial Ky\u014ddai! Este torneo promete ser una experiencia \u00fanica llena de emoci\u00f3n, hermandad y desaf\u00edos que pondr\u00e1n a prueba tu destreza en las artes marciales.<\/p>\n\n\n\n<h3 class=\"wp-block-heading\">Fecha: S\u00c1BADO 01 DE MARZO DE 2025 Lugar: TECNOL\u00d3GICO DE ESTUDIOS SUPERIORES DE ECATEPEC (TESE).<\/h3>\n\n\n\n<p>Prep\u00e1rate para mostrar tus habilidades, enfrentarte a oponentes de todas las escuelas invitadas y vivir momentos inolvidables en el tatami. El 5to Encuentro Marcial Ky\u014ddai es la plataforma perfecta para demostrar tu valent\u00eda y determinaci\u00f3n.<\/p>\n\n\n\n<p>Adem\u00e1s de la competencia, disfrutar\u00e1s de demostraciones impresionantes y la oportunidad de conocer a apasionados practicantes de karate de todos los dojos. \u00a1Ser\u00e1 un d\u00eda lleno de energ\u00eda positiva y esp\u00edritu deportivo!<\/p>\n\n\n\n<p>\u00bfEst\u00e1s listo para unirte a la acci\u00f3n y demostrar tu dominio en el arte del karate? Inscr\u00edbete ahora y s\u00e9 parte del 5to Encuentro Marcial Ky\u014ddai 2025. \u00a1No te pierdas esta oportunidad de superaci\u00f3n y hermandad!<\/p>\n\n\n\n<p>\u00a1Te esperamos con los pu\u00f1os en alto y el esp\u00edritu listo para la competencia en el 5to Encuentro Marcial Ky\u014ddai 2025!<\/p>\n\n\n\n<p>Para m\u00e1s informaci\u00f3n consulta nuestra\u00a0<strong><a href=\"https:\/\/drive.google.com\/file\/d\/1kdq3eUpZmp_4Ofhir3AeIR98uP2-0EXk\/view?usp=sharing\">CONVOCATORIA<\/a><\/strong><\/p>\n\n\n\n<p class=\"has-text-align-center\"><strong><a href=\"https:\/\/docs.google.com\/forms\/d\/e\/1FAIpQLSetK3wSrsnuJDTrl8P7RhjBVs0NKX_egIdU-VTqaQK7ipI9ag\/viewform\">INSCRIBETE<\/a><\/strong><\/p>\n\n\n\n<p>Divi\u00e9rtete y disfruta junto con tu familia este incre\u00edble evento de Karate-Do.\u00a0<strong>\u00a1Un reto que no debes dejar pasar!<\/strong><\/p>\n\n\n\n<div class=\"wp-block-columns is-layout-flex wp-container-core-columns-is-layout-9d6595d7 wp-block-columns-is-layout-flex\">\n<div class=\"wp-block-column is-layout-flow wp-block-column-is-layout-flow\" style=\"flex-basis:66.66%\">\n<figure class=\"wp-block-image size-large\"><a href=\"https:\/\/docs.google.com\/forms\/d\/e\/1FAIpQLSetK3wSrsnuJDTrl8P7RhjBVs0NKX_egIdU-VTqaQK7ipI9ag\/viewform\"><img decoding=\"async\" width=\"651\" height=\"1024\" data-src=\"https:\/\/www.kyodaikaratedo.com\/wp-content\/uploads\/2025\/01\/WhatsApp-Image-2025-01-14-at-5.35.36-PM-651x1024.jpeg\" alt=\"\" class=\"wp-image-1115 lazyload\" data-srcset=\"https:\/\/www.kyodaikaratedo.com\/wp-content\/uploads\/2025\/01\/WhatsApp-Image-2025-01-14-at-5.35.36-PM-651x1024.jpeg 651w, https:\/\/www.kyodaikaratedo.com\/wp-content\/uploads\/2025\/01\/WhatsApp-Image-2025-01-14-at-5.35.36-PM-191x300.jpeg 191w, https:\/\/www.kyodaikaratedo.com\/wp-content\/uploads\/2025\/01\/WhatsApp-Image-2025-01-14-at-5.35.36-PM-768x1208.jpeg 768w, https:\/\/www.kyodaikaratedo.com\/wp-content\/uploads\/2025\/01\/WhatsApp-Image-2025-01-14-at-5.35.36-PM-977x1536.jpeg 977w, https:\/\/www.kyodaikaratedo.com\/wp-content\/uploads\/2025\/01\/WhatsApp-Image-2025-01-14-at-5.35.36-PM.jpeg 1017w\" data-sizes=\"(max-width: 651px) 100vw, 651px\" src=\"data:image\/svg+xml;base64,PHN2ZyB3aWR0aD0iMSIgaGVpZ2h0PSIxIiB4bWxucz0iaHR0cDovL3d3dy53My5vcmcvMjAwMC9zdmciPjwvc3ZnPg==\" style=\"--smush-placeholder-width: 651px; --smush-placeholder-aspect-ratio: 651\/1024;\" \/><\/a><\/figure>\n<\/div>\n\n\n\n<div class=\"wp-block-column is-vertically-aligned-center is-layout-flow wp-block-column-is-layout-flow\" style=\"flex-basis:33.33%\">\n<p class=\"has-text-align-center has-medium-font-size\"><strong><a href=\"https:\/\/drive.google.com\/file\/d\/1kdq3eUpZmp_4Ofhir3AeIR98uP2-0EXk\/view?usp=sharing\">CONVOCATORIA<\/a><\/strong><\/p>\n<\/div>\n<\/div>\n\n\n\n<p class=\"has-medium-font-size\"> <strong>Realiza tu inscripci\u00f3n:<\/strong> <\/p>\n\n\n<div class=\"wp-block-image\">\n<figure class=\"aligncenter size-full is-resized\"><img decoding=\"async\" width=\"608\" height=\"600\" data-src=\"https:\/\/www.kyodaikaratedo.com\/wp-content\/uploads\/2021\/06\/gif-flecha-anomado_1.gif\" alt=\"\" class=\"wp-image-693 lazyload\" style=\"--smush-placeholder-width: 608px; --smush-placeholder-aspect-ratio: 608\/600;width:100px;height:100px\" src=\"data:image\/svg+xml;base64,PHN2ZyB3aWR0aD0iMSIgaGVpZ2h0PSIxIiB4bWxucz0iaHR0cDovL3d3dy53My5vcmcvMjAwMC9zdmciPjwvc3ZnPg==\" \/><\/figure>\n<\/div>\n\n\n<p class=\"has-text-align-center has-large-font-size\"><strong><a href=\"https:\/\/docs.google.com\/forms\/d\/e\/1FAIpQLSetK3wSrsnuJDTrl8P7RhjBVs0NKX_egIdU-VTqaQK7ipI9ag\/viewform\">INSCRIBETE AQU\u00cd<\/a><\/strong><\/p>\n","protected":false},"excerpt":{"rendered":"<p>KY\u014cDAI KARATE DO te da la bienvenida y se congratula de tu participaci\u00f3n en este importante evento. \u00a1\u00danete al emocionante 5to Encuentro Marcial Ky\u014ddai 2025! \u00a1Amantes del karate y guerreros de coraz\u00f3n, les extendemos una c\u00e1lida invitaci\u00f3n al 5to Encuentro Marcial Ky\u014ddai! Este torneo promete ser una experiencia \u00fanica llena de emoci\u00f3n, hermandad y desaf\u00edos [&hellip;]<\/p>\n","protected":false},"author":1,"featured_media":0,"comment_status":"open","ping_status":"open","sticky":false,"template":"","format":"standard","meta":{"ocean_post_layout":"","ocean_both_sidebars_style":"","ocean_both_sidebars_content_width":0,"ocean_both_sidebars_sidebars_width":0,"ocean_sidebar":"","ocean_second_sidebar":"","ocean_disable_margins":"enable","ocean_add_body_class":"","ocean_shortcode_before_top_bar":"","ocean_shortcode_after_top_bar":"","ocean_shortcode_before_header":"","ocean_shortcode_after_header":"","ocean_has_shortcode":"","ocean_shortcode_after_title":"","ocean_shortcode_before_footer_widgets":"","ocean_shortcode_after_footer_widgets":"","ocean_shortcode_before_footer_bottom":"","ocean_shortcode_after_footer_bottom":"","ocean_display_top_bar":"default","ocean_display_header":"default","ocean_header_style":"","ocean_center_header_left_menu":"","ocean_custom_header_template":"","ocean_custom_logo":0,"ocean_custom_retina_logo":0,"ocean_custom_logo_max_width":0,"ocean_custom_logo_tablet_max_width":0,"ocean_custom_logo_mobile_max_width":0,"ocean_custom_logo_max_height":0,"ocean_custom_logo_tablet_max_height":0,"ocean_custom_logo_mobile_max_height":0,"ocean_header_custom_menu":"","ocean_menu_typo_font_family":"","ocean_menu_typo_font_subset":"","ocean_menu_typo_font_size":0,"ocean_menu_typo_font_size_tablet":0,"ocean_menu_typo_font_size_mobile":0,"ocean_menu_typo_font_size_unit":"px","ocean_menu_typo_font_weight":"","ocean_menu_typo_font_weight_tablet":"","ocean_menu_typo_font_weight_mobile":"","ocean_menu_typo_transform":"","ocean_menu_typo_transform_tablet":"","ocean_menu_typo_transform_mobile":"","ocean_menu_typo_line_height":0,"ocean_menu_typo_line_height_tablet":0,"ocean_menu_typo_line_height_mobile":0,"ocean_menu_typo_line_height_unit":"","ocean_menu_typo_spacing":0,"ocean_menu_typo_spacing_tablet":0,"ocean_menu_typo_spacing_mobile":0,"ocean_menu_typo_spacing_unit":"","ocean_menu_link_color":"","ocean_menu_link_color_hover":"","ocean_menu_link_color_active":"","ocean_menu_link_background":"","ocean_menu_link_hover_background":"","ocean_menu_link_active_background":"","ocean_menu_social_links_bg":"","ocean_menu_social_hover_links_bg":"","ocean_menu_social_links_color":"","ocean_menu_social_hover_links_color":"","ocean_disable_title":"default","ocean_disable_heading":"default","ocean_post_title":"","ocean_post_subheading":"","ocean_post_title_style":"","ocean_post_title_background_color":"","ocean_post_title_background":0,"ocean_post_title_bg_image_position":"","ocean_post_title_bg_image_attachment":"","ocean_post_title_bg_image_repeat":"","ocean_post_title_bg_image_size":"","ocean_post_title_height":0,"ocean_post_title_bg_overlay":0.5,"ocean_post_title_bg_overlay_color":"","ocean_disable_breadcrumbs":"default","ocean_breadcrumbs_color":"","ocean_breadcrumbs_separator_color":"","ocean_breadcrumbs_links_color":"","ocean_breadcrumbs_links_hover_color":"","ocean_display_footer_widgets":"default","ocean_display_footer_bottom":"default","ocean_custom_footer_template":"","ocean_post_oembed":"","ocean_post_self_hosted_media":"","ocean_post_video_embed":"","ocean_link_format":"","ocean_link_format_target":"self","ocean_quote_format":"","ocean_quote_format_link":"post","ocean_gallery_link_images":"on","ocean_gallery_id":[],"footnotes":""},"categories":[9,10],"tags":[67,25,18,66,11,12,29,14],"class_list":["post-1114","post","type-post","status-publish","format-standard","hentry","category-eventos","category-blog","tag-5to-encuentro-marcial","tag-artes-marciales","tag-campeonato-de-karate","tag-encuentro-marcial","tag-karate","tag-karate-do","tag-torneo-de-artes-marciales","tag-torneo-de-karate-do","entry"],"yoast_head":"<!-- This site is optimized with the Yoast SEO plugin v27.4 - https:\/\/yoast.com\/product\/yoast-seo-wordpress\/ -->\n<title>5\u00b0 ENCUENTRO MARCIAL KY\u014cDAI 2025 KY\u014cDAI KARATE DO<\/title>\n<meta name=\"description\" content=\"KY\u014cDAI KARATE DO te da la bienvenida y se congratula de tu participaci\u00f3n en este importante evento. \u00a1\u00danete al emocionante 5to Encuentro Marcial Ky\u014ddai\" \/>\n<meta name=\"robots\" content=\"index, follow, max-snippet:-1, max-image-preview:large, max-video-preview:-1\" \/>\n<link rel=\"canonical\" href=\"https:\/\/www.kyodaikaratedo.com\/index.php\/2025\/01\/14\/5-encuentro-marcial-kyodai-2025\/\" \/>\n<meta property=\"og:locale\" content=\"es_MX\" \/>\n<meta property=\"og:type\" content=\"article\" \/>\n<meta property=\"og:title\" content=\"5\u00b0 ENCUENTRO MARCIAL KY\u014cDAI 2025 KY\u014cDAI KARATE DO\" \/>\n<meta property=\"og:description\" content=\"KY\u014cDAI KARATE DO te da la bienvenida y se congratula de tu participaci\u00f3n en este importante evento. \u00a1\u00danete al emocionante 5to Encuentro Marcial Ky\u014ddai\" \/>\n<meta property=\"og:url\" content=\"https:\/\/www.kyodaikaratedo.com\/index.php\/2025\/01\/14\/5-encuentro-marcial-kyodai-2025\/\" \/>\n<meta property=\"og:site_name\" content=\"KY\u014cDAI KARATE DO\" \/>\n<meta property=\"article:published_time\" content=\"2025-01-15T01:52:50+00:00\" \/>\n<meta property=\"article:modified_time\" content=\"2025-08-20T20:56:07+00:00\" \/>\n<meta property=\"og:image\" content=\"https:\/\/www.kyodaikaratedo.com\/wp-content\/uploads\/2025\/01\/WhatsApp-Image-2025-01-14-at-5.35.36-PM.jpeg\" \/>\n\t<meta property=\"og:image:width\" content=\"1017\" \/>\n\t<meta property=\"og:image:height\" content=\"1599\" \/>\n\t<meta property=\"og:image:type\" content=\"image\/jpeg\" \/>\n<meta name=\"author\" content=\"Ky\u014ddai Karate-Do\" \/>\n<meta name=\"twitter:card\" content=\"summary_large_image\" \/>\n<meta name=\"twitter:label1\" content=\"Escrito por\" \/>\n\t<meta name=\"twitter:data1\" content=\"Ky\u014ddai Karate-Do\" \/>\n\t<meta name=\"twitter:label2\" content=\"Tiempo de lectura\" \/>\n\t<meta name=\"twitter:data2\" content=\"2 minutos\" \/>\n<script type=\"application\/ld+json\" class=\"yoast-schema-graph\">{\"@context\":\"https:\\\/\\\/schema.org\",\"@graph\":[{\"@type\":\"Article\",\"@id\":\"https:\\\/\\\/www.kyodaikaratedo.com\\\/index.php\\\/2025\\\/01\\\/14\\\/5-encuentro-marcial-kyodai-2025\\\/#article\",\"isPartOf\":{\"@id\":\"https:\\\/\\\/www.kyodaikaratedo.com\\\/index.php\\\/2025\\\/01\\\/14\\\/5-encuentro-marcial-kyodai-2025\\\/\"},\"author\":{\"name\":\"Ky\u014ddai Karate-Do\",\"@id\":\"https:\\\/\\\/www.kyodaikaratedo.com\\\/#\\\/schema\\\/person\\\/fa3b58ba40c64e40b2410bd20ed37ed9\"},\"headline\":\"5\u00b0 ENCUENTRO MARCIAL KY\u014cDAI 2025\",\"datePublished\":\"2025-01-15T01:52:50+00:00\",\"dateModified\":\"2025-08-20T20:56:07+00:00\",\"mainEntityOfPage\":{\"@id\":\"https:\\\/\\\/www.kyodaikaratedo.com\\\/index.php\\\/2025\\\/01\\\/14\\\/5-encuentro-marcial-kyodai-2025\\\/\"},\"wordCount\":269,\"commentCount\":0,\"publisher\":{\"@id\":\"https:\\\/\\\/www.kyodaikaratedo.com\\\/#organization\"},\"image\":{\"@id\":\"https:\\\/\\\/www.kyodaikaratedo.com\\\/index.php\\\/2025\\\/01\\\/14\\\/5-encuentro-marcial-kyodai-2025\\\/#primaryimage\"},\"thumbnailUrl\":\"https:\\\/\\\/www.kyodaikaratedo.com\\\/wp-content\\\/uploads\\\/2025\\\/01\\\/WhatsApp-Image-2025-01-14-at-5.35.36-PM-651x1024.jpeg\",\"keywords\":[\"5to encuentro marcial\",\"artes marciales\",\"campeonato de karate\",\"encuentro marcial\",\"karate\",\"karate do\",\"torneo de artes marciales\",\"torneo de karate do\"],\"articleSection\":[\"Eventos\",\"KY\u014cDAI NOTAS\"],\"inLanguage\":\"es\",\"potentialAction\":[{\"@type\":\"CommentAction\",\"name\":\"Comment\",\"target\":[\"https:\\\/\\\/www.kyodaikaratedo.com\\\/index.php\\\/2025\\\/01\\\/14\\\/5-encuentro-marcial-kyodai-2025\\\/#respond\"]}]},{\"@type\":\"WebPage\",\"@id\":\"https:\\\/\\\/www.kyodaikaratedo.com\\\/index.php\\\/2025\\\/01\\\/14\\\/5-encuentro-marcial-kyodai-2025\\\/\",\"url\":\"https:\\\/\\\/www.kyodaikaratedo.com\\\/index.php\\\/2025\\\/01\\\/14\\\/5-encuentro-marcial-kyodai-2025\\\/\",\"name\":\"5\u00b0 ENCUENTRO MARCIAL KY\u014cDAI 2025 KY\u014cDAI KARATE DO\",\"isPartOf\":{\"@id\":\"https:\\\/\\\/www.kyodaikaratedo.com\\\/#website\"},\"primaryImageOfPage\":{\"@id\":\"https:\\\/\\\/www.kyodaikaratedo.com\\\/index.php\\\/2025\\\/01\\\/14\\\/5-encuentro-marcial-kyodai-2025\\\/#primaryimage\"},\"image\":{\"@id\":\"https:\\\/\\\/www.kyodaikaratedo.com\\\/index.php\\\/2025\\\/01\\\/14\\\/5-encuentro-marcial-kyodai-2025\\\/#primaryimage\"},\"thumbnailUrl\":\"https:\\\/\\\/www.kyodaikaratedo.com\\\/wp-content\\\/uploads\\\/2025\\\/01\\\/WhatsApp-Image-2025-01-14-at-5.35.36-PM-651x1024.jpeg\",\"datePublished\":\"2025-01-15T01:52:50+00:00\",\"dateModified\":\"2025-08-20T20:56:07+00:00\",\"description\":\"KY\u014cDAI KARATE DO te da la bienvenida y se congratula de tu participaci\u00f3n en este importante evento. \u00a1\u00danete al emocionante 5to Encuentro Marcial Ky\u014ddai\",\"breadcrumb\":{\"@id\":\"https:\\\/\\\/www.kyodaikaratedo.com\\\/index.php\\\/2025\\\/01\\\/14\\\/5-encuentro-marcial-kyodai-2025\\\/#breadcrumb\"},\"inLanguage\":\"es\",\"potentialAction\":[{\"@type\":\"ReadAction\",\"target\":[\"https:\\\/\\\/www.kyodaikaratedo.com\\\/index.php\\\/2025\\\/01\\\/14\\\/5-encuentro-marcial-kyodai-2025\\\/\"]}]},{\"@type\":\"ImageObject\",\"inLanguage\":\"es\",\"@id\":\"https:\\\/\\\/www.kyodaikaratedo.com\\\/index.php\\\/2025\\\/01\\\/14\\\/5-encuentro-marcial-kyodai-2025\\\/#primaryimage\",\"url\":\"https:\\\/\\\/www.kyodaikaratedo.com\\\/wp-content\\\/uploads\\\/2025\\\/01\\\/WhatsApp-Image-2025-01-14-at-5.35.36-PM.jpeg\",\"contentUrl\":\"https:\\\/\\\/www.kyodaikaratedo.com\\\/wp-content\\\/uploads\\\/2025\\\/01\\\/WhatsApp-Image-2025-01-14-at-5.35.36-PM.jpeg\",\"width\":1017,\"height\":1599},{\"@type\":\"BreadcrumbList\",\"@id\":\"https:\\\/\\\/www.kyodaikaratedo.com\\\/index.php\\\/2025\\\/01\\\/14\\\/5-encuentro-marcial-kyodai-2025\\\/#breadcrumb\",\"itemListElement\":[{\"@type\":\"ListItem\",\"position\":1,\"name\":\"Inicio\",\"item\":\"https:\\\/\\\/www.kyodaikaratedo.com\\\/\"},{\"@type\":\"ListItem\",\"position\":2,\"name\":\"5\u00b0 ENCUENTRO MARCIAL KY\u014cDAI 2025\"}]},{\"@type\":\"WebSite\",\"@id\":\"https:\\\/\\\/www.kyodaikaratedo.com\\\/#website\",\"url\":\"https:\\\/\\\/www.kyodaikaratedo.com\\\/\",\"name\":\"KY\u014cDAI KARATE DO\",\"description\":\"Bienvenido a KY\u014cDAI KARATE DO, un espacio en el que vivir&aacute;s al m&aacute;ximo el camino de la mano vac&iacute;a.\",\"publisher\":{\"@id\":\"https:\\\/\\\/www.kyodaikaratedo.com\\\/#organization\"},\"potentialAction\":[{\"@type\":\"SearchAction\",\"target\":{\"@type\":\"EntryPoint\",\"urlTemplate\":\"https:\\\/\\\/www.kyodaikaratedo.com\\\/?s={search_term_string}\"},\"query-input\":{\"@type\":\"PropertyValueSpecification\",\"valueRequired\":true,\"valueName\":\"search_term_string\"}}],\"inLanguage\":\"es\"},{\"@type\":\"Organization\",\"@id\":\"https:\\\/\\\/www.kyodaikaratedo.com\\\/#organization\",\"name\":\"KY\u014cDAI KARATE DO\",\"url\":\"https:\\\/\\\/www.kyodaikaratedo.com\\\/\",\"logo\":{\"@type\":\"ImageObject\",\"inLanguage\":\"es\",\"@id\":\"https:\\\/\\\/www.kyodaikaratedo.com\\\/#\\\/schema\\\/logo\\\/image\\\/\",\"url\":\"https:\\\/\\\/www.kyodaikaratedo.com\\\/wp-content\\\/uploads\\\/2021\\\/01\\\/WhatsApp-Image-2021-01-15-at-2.18.00-PM.jpeg\",\"contentUrl\":\"https:\\\/\\\/www.kyodaikaratedo.com\\\/wp-content\\\/uploads\\\/2021\\\/01\\\/WhatsApp-Image-2021-01-15-at-2.18.00-PM.jpeg\",\"width\":946,\"height\":1193,\"caption\":\"KY\u014cDAI KARATE DO\"},\"image\":{\"@id\":\"https:\\\/\\\/www.kyodaikaratedo.com\\\/#\\\/schema\\\/logo\\\/image\\\/\"}},{\"@type\":\"Person\",\"@id\":\"https:\\\/\\\/www.kyodaikaratedo.com\\\/#\\\/schema\\\/person\\\/fa3b58ba40c64e40b2410bd20ed37ed9\",\"name\":\"Ky\u014ddai Karate-Do\",\"image\":{\"@type\":\"ImageObject\",\"inLanguage\":\"es\",\"@id\":\"https:\\\/\\\/www.kyodaikaratedo.com\\\/wp-content\\\/litespeed\\\/avatar\\\/22403ba640820cf86a76cb424dac765d.jpg?ver=1776914589\",\"url\":\"https:\\\/\\\/www.kyodaikaratedo.com\\\/wp-content\\\/litespeed\\\/avatar\\\/22403ba640820cf86a76cb424dac765d.jpg?ver=1776914589\",\"contentUrl\":\"https:\\\/\\\/www.kyodaikaratedo.com\\\/wp-content\\\/litespeed\\\/avatar\\\/22403ba640820cf86a76cb424dac765d.jpg?ver=1776914589\",\"caption\":\"Ky\u014ddai Karate-Do\"},\"sameAs\":[\"https:\\\/\\\/www.kyodaikaratedo.com\"],\"url\":\"https:\\\/\\\/www.kyodaikaratedo.com\\\/index.php\\\/author\\\/admin\\\/\"}]}<\/script>\n<!-- \/ Yoast SEO plugin. -->","yoast_head_json":{"title":"5\u00b0 ENCUENTRO MARCIAL KY\u014cDAI 2025 KY\u014cDAI KARATE DO","description":"KY\u014cDAI KARATE DO te da la bienvenida y se congratula de tu participaci\u00f3n en este importante evento. \u00a1\u00danete al emocionante 5to Encuentro Marcial Ky\u014ddai","robots":{"index":"index","follow":"follow","max-snippet":"max-snippet:-1","max-image-preview":"max-image-preview:large","max-video-preview":"max-video-preview:-1"},"canonical":"https:\/\/www.kyodaikaratedo.com\/index.php\/2025\/01\/14\/5-encuentro-marcial-kyodai-2025\/","og_locale":"es_MX","og_type":"article","og_title":"5\u00b0 ENCUENTRO MARCIAL KY\u014cDAI 2025 KY\u014cDAI KARATE DO","og_description":"KY\u014cDAI KARATE DO te da la bienvenida y se congratula de tu participaci\u00f3n en este importante evento. \u00a1\u00danete al emocionante 5to Encuentro Marcial Ky\u014ddai","og_url":"https:\/\/www.kyodaikaratedo.com\/index.php\/2025\/01\/14\/5-encuentro-marcial-kyodai-2025\/","og_site_name":"KY\u014cDAI KARATE DO","article_published_time":"2025-01-15T01:52:50+00:00","article_modified_time":"2025-08-20T20:56:07+00:00","og_image":[{"width":1017,"height":1599,"url":"https:\/\/www.kyodaikaratedo.com\/wp-content\/uploads\/2025\/01\/WhatsApp-Image-2025-01-14-at-5.35.36-PM.jpeg","type":"image\/jpeg"}],"author":"Ky\u014ddai Karate-Do","twitter_card":"summary_large_image","twitter_misc":{"Escrito por":"Ky\u014ddai Karate-Do","Tiempo de lectura":"2 minutos"},"schema":{"@context":"https:\/\/schema.org","@graph":[{"@type":"Article","@id":"https:\/\/www.kyodaikaratedo.com\/index.php\/2025\/01\/14\/5-encuentro-marcial-kyodai-2025\/#article","isPartOf":{"@id":"https:\/\/www.kyodaikaratedo.com\/index.php\/2025\/01\/14\/5-encuentro-marcial-kyodai-2025\/"},"author":{"name":"Ky\u014ddai Karate-Do","@id":"https:\/\/www.kyodaikaratedo.com\/#\/schema\/person\/fa3b58ba40c64e40b2410bd20ed37ed9"},"headline":"5\u00b0 ENCUENTRO MARCIAL KY\u014cDAI 2025","datePublished":"2025-01-15T01:52:50+00:00","dateModified":"2025-08-20T20:56:07+00:00","mainEntityOfPage":{"@id":"https:\/\/www.kyodaikaratedo.com\/index.php\/2025\/01\/14\/5-encuentro-marcial-kyodai-2025\/"},"wordCount":269,"commentCount":0,"publisher":{"@id":"https:\/\/www.kyodaikaratedo.com\/#organization"},"image":{"@id":"https:\/\/www.kyodaikaratedo.com\/index.php\/2025\/01\/14\/5-encuentro-marcial-kyodai-2025\/#primaryimage"},"thumbnailUrl":"https:\/\/www.kyodaikaratedo.com\/wp-content\/uploads\/2025\/01\/WhatsApp-Image-2025-01-14-at-5.35.36-PM-651x1024.jpeg","keywords":["5to encuentro marcial","artes marciales","campeonato de karate","encuentro marcial","karate","karate do","torneo de artes marciales","torneo de karate do"],"articleSection":["Eventos","KY\u014cDAI NOTAS"],"inLanguage":"es","potentialAction":[{"@type":"CommentAction","name":"Comment","target":["https:\/\/www.kyodaikaratedo.com\/index.php\/2025\/01\/14\/5-encuentro-marcial-kyodai-2025\/#respond"]}]},{"@type":"WebPage","@id":"https:\/\/www.kyodaikaratedo.com\/index.php\/2025\/01\/14\/5-encuentro-marcial-kyodai-2025\/","url":"https:\/\/www.kyodaikaratedo.com\/index.php\/2025\/01\/14\/5-encuentro-marcial-kyodai-2025\/","name":"5\u00b0 ENCUENTRO MARCIAL KY\u014cDAI 2025 KY\u014cDAI KARATE DO","isPartOf":{"@id":"https:\/\/www.kyodaikaratedo.com\/#website"},"primaryImageOfPage":{"@id":"https:\/\/www.kyodaikaratedo.com\/index.php\/2025\/01\/14\/5-encuentro-marcial-kyodai-2025\/#primaryimage"},"image":{"@id":"https:\/\/www.kyodaikaratedo.com\/index.php\/2025\/01\/14\/5-encuentro-marcial-kyodai-2025\/#primaryimage"},"thumbnailUrl":"https:\/\/www.kyodaikaratedo.com\/wp-content\/uploads\/2025\/01\/WhatsApp-Image-2025-01-14-at-5.35.36-PM-651x1024.jpeg","datePublished":"2025-01-15T01:52:50+00:00","dateModified":"2025-08-20T20:56:07+00:00","description":"KY\u014cDAI KARATE DO te da la bienvenida y se congratula de tu participaci\u00f3n en este importante evento. \u00a1\u00danete al emocionante 5to Encuentro Marcial Ky\u014ddai","breadcrumb":{"@id":"https:\/\/www.kyodaikaratedo.com\/index.php\/2025\/01\/14\/5-encuentro-marcial-kyodai-2025\/#breadcrumb"},"inLanguage":"es","potentialAction":[{"@type":"ReadAction","target":["https:\/\/www.kyodaikaratedo.com\/index.php\/2025\/01\/14\/5-encuentro-marcial-kyodai-2025\/"]}]},{"@type":"ImageObject","inLanguage":"es","@id":"https:\/\/www.kyodaikaratedo.com\/index.php\/2025\/01\/14\/5-encuentro-marcial-kyodai-2025\/#primaryimage","url":"https:\/\/www.kyodaikaratedo.com\/wp-content\/uploads\/2025\/01\/WhatsApp-Image-2025-01-14-at-5.35.36-PM.jpeg","contentUrl":"https:\/\/www.kyodaikaratedo.com\/wp-content\/uploads\/2025\/01\/WhatsApp-Image-2025-01-14-at-5.35.36-PM.jpeg","width":1017,"height":1599},{"@type":"BreadcrumbList","@id":"https:\/\/www.kyodaikaratedo.com\/index.php\/2025\/01\/14\/5-encuentro-marcial-kyodai-2025\/#breadcrumb","itemListElement":[{"@type":"ListItem","position":1,"name":"Inicio","item":"https:\/\/www.kyodaikaratedo.com\/"},{"@type":"ListItem","position":2,"name":"5\u00b0 ENCUENTRO MARCIAL KY\u014cDAI 2025"}]},{"@type":"WebSite","@id":"https:\/\/www.kyodaikaratedo.com\/#website","url":"https:\/\/www.kyodaikaratedo.com\/","name":"KY\u014cDAI KARATE DO","description":"Bienvenido a KY\u014cDAI KARATE DO, un espacio en el que vivir&aacute;s al m&aacute;ximo el camino de la mano vac&iacute;a.","publisher":{"@id":"https:\/\/www.kyodaikaratedo.com\/#organization"},"potentialAction":[{"@type":"SearchAction","target":{"@type":"EntryPoint","urlTemplate":"https:\/\/www.kyodaikaratedo.com\/?s={search_term_string}"},"query-input":{"@type":"PropertyValueSpecification","valueRequired":true,"valueName":"search_term_string"}}],"inLanguage":"es"},{"@type":"Organization","@id":"https:\/\/www.kyodaikaratedo.com\/#organization","name":"KY\u014cDAI KARATE DO","url":"https:\/\/www.kyodaikaratedo.com\/","logo":{"@type":"ImageObject","inLanguage":"es","@id":"https:\/\/www.kyodaikaratedo.com\/#\/schema\/logo\/image\/","url":"https:\/\/www.kyodaikaratedo.com\/wp-content\/uploads\/2021\/01\/WhatsApp-Image-2021-01-15-at-2.18.00-PM.jpeg","contentUrl":"https:\/\/www.kyodaikaratedo.com\/wp-content\/uploads\/2021\/01\/WhatsApp-Image-2021-01-15-at-2.18.00-PM.jpeg","width":946,"height":1193,"caption":"KY\u014cDAI KARATE DO"},"image":{"@id":"https:\/\/www.kyodaikaratedo.com\/#\/schema\/logo\/image\/"}},{"@type":"Person","@id":"https:\/\/www.kyodaikaratedo.com\/#\/schema\/person\/fa3b58ba40c64e40b2410bd20ed37ed9","name":"Ky\u014ddai Karate-Do","image":{"@type":"ImageObject","inLanguage":"es","@id":"https:\/\/www.kyodaikaratedo.com\/wp-content\/litespeed\/avatar\/22403ba640820cf86a76cb424dac765d.jpg?ver=1776914589","url":"https:\/\/www.kyodaikaratedo.com\/wp-content\/litespeed\/avatar\/22403ba640820cf86a76cb424dac765d.jpg?ver=1776914589","contentUrl":"https:\/\/www.kyodaikaratedo.com\/wp-content\/litespeed\/avatar\/22403ba640820cf86a76cb424dac765d.jpg?ver=1776914589","caption":"Ky\u014ddai Karate-Do"},"sameAs":["https:\/\/www.kyodaikaratedo.com"],"url":"https:\/\/www.kyodaikaratedo.com\/index.php\/author\/admin\/"}]}},"_links":{"self":[{"href":"https:\/\/www.kyodaikaratedo.com\/index.php\/wp-json\/wp\/v2\/posts\/1114","targetHints":{"allow":["GET"]}}],"collection":[{"href":"https:\/\/www.kyodaikaratedo.com\/index.php\/wp-json\/wp\/v2\/posts"}],"about":[{"href":"https:\/\/www.kyodaikaratedo.com\/index.php\/wp-json\/wp\/v2\/types\/post"}],"author":[{"embeddable":true,"href":"https:\/\/www.kyodaikaratedo.com\/index.php\/wp-json\/wp\/v2\/users\/1"}],"replies":[{"embeddable":true,"href":"https:\/\/www.kyodaikaratedo.com\/index.php\/wp-json\/wp\/v2\/comments?post=1114"}],"version-history":[{"count":2,"href":"https:\/\/www.kyodaikaratedo.com\/index.php\/wp-json\/wp\/v2\/posts\/1114\/revisions"}],"predecessor-version":[{"id":1185,"href":"https:\/\/www.kyodaikaratedo.com\/index.php\/wp-json\/wp\/v2\/posts\/1114\/revisions\/1185"}],"wp:attachment":[{"href":"https:\/\/www.kyodaikaratedo.com\/index.php\/wp-json\/wp\/v2\/media?parent=1114"}],"wp:term":[{"taxonomy":"category","embeddable":true,"href":"https:\/\/www.kyodaikaratedo.com\/index.php\/wp-json\/wp\/v2\/categories?post=1114"},{"taxonomy":"post_tag","embeddable":true,"href":"https:\/\/www.kyodaikaratedo.com\/index.php\/wp-json\/wp\/v2\/tags?post=1114"}],"curies":[{"name":"wp","href":"https:\/\/api.w.org\/{rel}","templated":true}]}}