{"id":505,"date":"2021-02-05T10:44:49","date_gmt":"2021-02-05T16:44:49","guid":{"rendered":"https:\/\/www.kyodaikaratedo.com\/?p=505"},"modified":"2021-02-09T12:14:06","modified_gmt":"2021-02-09T18:14:06","slug":"presidente_akunam","status":"publish","type":"post","link":"https:\/\/www.kyodaikaratedo.com\/index.php\/2021\/02\/05\/presidente_akunam\/","title":{"rendered":"SENSEI CARLOS CRUZ ES NOMBRADO PRESIDENTE DE LA AKUNAM"},"content":{"rendered":"\n<div class=\"wp-block-media-text alignwide is-stacked-on-mobile\"><figure class=\"wp-block-media-text__media\"><img decoding=\"async\" width=\"734\" height=\"1024\" data-src=\"https:\/\/www.kyodaikaratedo.com\/wp-content\/uploads\/2021\/02\/453214-734x1024.jpg\" alt=\"\" class=\"wp-image-506 size-full lazyload\" data-srcset=\"https:\/\/www.kyodaikaratedo.com\/wp-content\/uploads\/2021\/02\/453214-734x1024.jpg 734w, https:\/\/www.kyodaikaratedo.com\/wp-content\/uploads\/2021\/02\/453214-215x300.jpg 215w, https:\/\/www.kyodaikaratedo.com\/wp-content\/uploads\/2021\/02\/453214.jpg 764w\" data-sizes=\"(max-width: 734px) 100vw, 734px\" src=\"data:image\/svg+xml;base64,PHN2ZyB3aWR0aD0iMSIgaGVpZ2h0PSIxIiB4bWxucz0iaHR0cDovL3d3dy53My5vcmcvMjAwMC9zdmciPjwvc3ZnPg==\" style=\"--smush-placeholder-width: 734px; --smush-placeholder-aspect-ratio: 734\/1024;\" \/><\/figure><div class=\"wp-block-media-text__content\">\n<p class=\"has-text-align-left\" style=\"font-size:18px\">El pasado mi\u00e9rcoles 27 de enero de 2021, el Prof. Carlos Octavio Cruz Valencia, miembro fundador de los DOJOS KY\u014dDAI KARATE DO obtuvo el nombramiento de Presidente de la Asociaci\u00f3n de Karate Do de la UNAM, en un acto dirigido por altas autoridades del deporte universitario.<br>\u201cEsto representa para m\u00ed un gran honor, a la vez que una gran responsabilidad y compromiso, ya que estaremos dirigiendo en conjunto con un gran equipo de profesionales los destinos del Karate Do de la M\u00e1xima Casa de Estudios de nuestra naci\u00f3n. Pondremos todo nuestro \u00edmpetu, actitud y empuje para el desarrollo y engrandecimiento del Karate Do Universitario\u201d; dijo el Prof. Carlos Octavio Cruz, en palabras despu\u00e9s de su nombramiento.<br>Un gran orgullo para CLUBES KY\u014dDAI la designaci\u00f3n del Prof. Cruz Valencia en este destacado cargo. Le deseamos mucho \u00e9xito en su encomienda, sabemos que lo lograr\u00e1, ya que es una persona con una gran actitud triunfadora y profesional.<\/p>\n<\/div><\/div>\n\n\n\n<p><a href=\"https:\/\/deporte.unam.mx\/noticias\/noticia.php?id=3901\">https:\/\/deporte.unam.mx\/noticias\/noticia.php?id=3901<\/a><\/p>\n\n\n\n<p><a href=\"https:\/\/www.gaceta.unam.mx\/nueva-directiva-de-la-asociacion-de-karate\/\">https:\/\/www.gaceta.unam.mx\/nueva-directiva-de-la-asociacion-de-karate\/<\/a><\/p>\n\n\n\n<p><a href=\"https:\/\/www.elvigia.net\/deportes\/2021\/2\/3\/nuevo-presidente-de-karate-do-en-unam-362995.html\">https:\/\/www.elvigia.net\/deportes\/2021\/2\/3\/nuevo-presidente-de-karate-do-en-unam-362995.html<\/a><\/p>\n","protected":false},"excerpt":{"rendered":"<p>El pasado mi\u00e9rcoles 27 de enero de 2021, el Prof. Carlos Octavio Cruz Valencia, miembro fundador de los DOJOS KY\u014dDAI KARATE DO obtuvo el nombramiento de Presidente de la Asociaci\u00f3n de Karate Do de la UNAM, en un acto dirigido por altas autoridades del deporte universitario.\u201cEsto representa para m\u00ed un gran honor, a la vez [&hellip;]<\/p>\n","protected":false},"author":1,"featured_media":0,"comment_status":"open","ping_status":"open","sticky":false,"template":"","format":"standard","meta":{"ocean_post_layout":"","ocean_both_sidebars_style":"","ocean_both_sidebars_content_width":0,"ocean_both_sidebars_sidebars_width":0,"ocean_sidebar":"0","ocean_second_sidebar":"0","ocean_disable_margins":"enable","ocean_add_body_class":"","ocean_shortcode_before_top_bar":"","ocean_shortcode_after_top_bar":"","ocean_shortcode_before_header":"","ocean_shortcode_after_header":"","ocean_has_shortcode":"","ocean_shortcode_after_title":"","ocean_shortcode_before_footer_widgets":"","ocean_shortcode_after_footer_widgets":"","ocean_shortcode_before_footer_bottom":"","ocean_shortcode_after_footer_bottom":"","ocean_display_top_bar":"default","ocean_display_header":"default","ocean_header_style":"","ocean_center_header_left_menu":"0","ocean_custom_header_template":"0","ocean_custom_logo":0,"ocean_custom_retina_logo":0,"ocean_custom_logo_max_width":0,"ocean_custom_logo_tablet_max_width":0,"ocean_custom_logo_mobile_max_width":0,"ocean_custom_logo_max_height":0,"ocean_custom_logo_tablet_max_height":0,"ocean_custom_logo_mobile_max_height":0,"ocean_header_custom_menu":"0","ocean_menu_typo_font_family":"0","ocean_menu_typo_font_subset":"","ocean_menu_typo_font_size":0,"ocean_menu_typo_font_size_tablet":0,"ocean_menu_typo_font_size_mobile":0,"ocean_menu_typo_font_size_unit":"px","ocean_menu_typo_font_weight":"","ocean_menu_typo_font_weight_tablet":"","ocean_menu_typo_font_weight_mobile":"","ocean_menu_typo_transform":"","ocean_menu_typo_transform_tablet":"","ocean_menu_typo_transform_mobile":"","ocean_menu_typo_line_height":0,"ocean_menu_typo_line_height_tablet":0,"ocean_menu_typo_line_height_mobile":0,"ocean_menu_typo_line_height_unit":"","ocean_menu_typo_spacing":0,"ocean_menu_typo_spacing_tablet":0,"ocean_menu_typo_spacing_mobile":0,"ocean_menu_typo_spacing_unit":"","ocean_menu_link_color":"","ocean_menu_link_color_hover":"","ocean_menu_link_color_active":"","ocean_menu_link_background":"","ocean_menu_link_hover_background":"","ocean_menu_link_active_background":"","ocean_menu_social_links_bg":"","ocean_menu_social_hover_links_bg":"","ocean_menu_social_links_color":"","ocean_menu_social_hover_links_color":"","ocean_disable_title":"default","ocean_disable_heading":"default","ocean_post_title":"","ocean_post_subheading":"","ocean_post_title_style":"","ocean_post_title_background_color":"","ocean_post_title_background":0,"ocean_post_title_bg_image_position":"","ocean_post_title_bg_image_attachment":"","ocean_post_title_bg_image_repeat":"","ocean_post_title_bg_image_size":"","ocean_post_title_height":0,"ocean_post_title_bg_overlay":0.5,"ocean_post_title_bg_overlay_color":"","ocean_disable_breadcrumbs":"default","ocean_breadcrumbs_color":"","ocean_breadcrumbs_separator_color":"","ocean_breadcrumbs_links_color":"","ocean_breadcrumbs_links_hover_color":"","ocean_display_footer_widgets":"default","ocean_display_footer_bottom":"default","ocean_custom_footer_template":"0","ocean_post_oembed":"","ocean_post_self_hosted_media":"","ocean_post_video_embed":"","ocean_link_format":"","ocean_link_format_target":"self","ocean_quote_format":"","ocean_quote_format_link":"post","ocean_gallery_link_images":"off","ocean_gallery_id":[],"footnotes":""},"categories":[10],"tags":[],"class_list":["post-505","post","type-post","status-publish","format-standard","hentry","category-blog","entry"],"yoast_head":"<!-- This site is optimized with the Yoast SEO plugin v27.4 - https:\/\/yoast.com\/product\/yoast-seo-wordpress\/ -->\n<title>SENSEI CARLOS CRUZ ES NOMBRADO PRESIDENTE DE LA AKUNAM<\/title>\n<meta name=\"description\" content=\"El pasado mi\u00e9rcoles 27 de enero de 2021, el Prof. Carlos Octavio Cruz Valencia, miembro fundador de los DOJOS KY\u014dDAI KARATE DO obtuvo el nombramiento de\" \/>\n<meta name=\"robots\" content=\"index, follow, max-snippet:-1, max-image-preview:large, max-video-preview:-1\" \/>\n<link rel=\"canonical\" href=\"https:\/\/www.kyodaikaratedo.com\/index.php\/2021\/02\/05\/presidente_akunam\/\" \/>\n<meta property=\"og:locale\" content=\"es_MX\" \/>\n<meta property=\"og:type\" content=\"article\" \/>\n<meta property=\"og:title\" content=\"SENSEI CARLOS CRUZ ES NOMBRADO PRESIDENTE DE LA AKUNAM\" \/>\n<meta property=\"og:description\" content=\"El pasado mi\u00e9rcoles 27 de enero de 2021, el Prof. Carlos Octavio Cruz Valencia, miembro fundador de los DOJOS KY\u014dDAI KARATE DO obtuvo el nombramiento de\" \/>\n<meta property=\"og:url\" content=\"https:\/\/www.kyodaikaratedo.com\/index.php\/2021\/02\/05\/presidente_akunam\/\" \/>\n<meta property=\"og:site_name\" content=\"KY\u014cDAI KARATE DO\" \/>\n<meta property=\"article:published_time\" content=\"2021-02-05T16:44:49+00:00\" \/>\n<meta property=\"article:modified_time\" content=\"2021-02-09T18:14:06+00:00\" \/>\n<meta property=\"og:image\" content=\"https:\/\/www.kyodaikaratedo.com\/wp-content\/uploads\/2021\/02\/453214-734x1024.jpg\" \/>\n<meta name=\"author\" content=\"Ky\u014ddai Karate-Do\" \/>\n<meta name=\"twitter:card\" content=\"summary_large_image\" \/>\n<meta name=\"twitter:label1\" content=\"Escrito por\" \/>\n\t<meta name=\"twitter:data1\" content=\"Ky\u014ddai Karate-Do\" \/>\n\t<meta name=\"twitter:label2\" content=\"Tiempo de lectura\" \/>\n\t<meta name=\"twitter:data2\" content=\"1 minuto\" \/>\n<script type=\"application\/ld+json\" class=\"yoast-schema-graph\">{\"@context\":\"https:\\\/\\\/schema.org\",\"@graph\":[{\"@type\":\"Article\",\"@id\":\"https:\\\/\\\/www.kyodaikaratedo.com\\\/index.php\\\/2021\\\/02\\\/05\\\/presidente_akunam\\\/#article\",\"isPartOf\":{\"@id\":\"https:\\\/\\\/www.kyodaikaratedo.com\\\/index.php\\\/2021\\\/02\\\/05\\\/presidente_akunam\\\/\"},\"author\":{\"name\":\"Ky\u014ddai Karate-Do\",\"@id\":\"https:\\\/\\\/www.kyodaikaratedo.com\\\/#\\\/schema\\\/person\\\/fa3b58ba40c64e40b2410bd20ed37ed9\"},\"headline\":\"SENSEI CARLOS CRUZ ES NOMBRADO PRESIDENTE DE LA AKUNAM\",\"datePublished\":\"2021-02-05T16:44:49+00:00\",\"dateModified\":\"2021-02-09T18:14:06+00:00\",\"mainEntityOfPage\":{\"@id\":\"https:\\\/\\\/www.kyodaikaratedo.com\\\/index.php\\\/2021\\\/02\\\/05\\\/presidente_akunam\\\/\"},\"wordCount\":191,\"commentCount\":0,\"publisher\":{\"@id\":\"https:\\\/\\\/www.kyodaikaratedo.com\\\/#organization\"},\"image\":{\"@id\":\"https:\\\/\\\/www.kyodaikaratedo.com\\\/index.php\\\/2021\\\/02\\\/05\\\/presidente_akunam\\\/#primaryimage\"},\"thumbnailUrl\":\"https:\\\/\\\/www.kyodaikaratedo.com\\\/wp-content\\\/uploads\\\/2021\\\/02\\\/453214-734x1024.jpg\",\"articleSection\":[\"KY\u014cDAI NOTAS\"],\"inLanguage\":\"es\",\"potentialAction\":[{\"@type\":\"CommentAction\",\"name\":\"Comment\",\"target\":[\"https:\\\/\\\/www.kyodaikaratedo.com\\\/index.php\\\/2021\\\/02\\\/05\\\/presidente_akunam\\\/#respond\"]}]},{\"@type\":\"WebPage\",\"@id\":\"https:\\\/\\\/www.kyodaikaratedo.com\\\/index.php\\\/2021\\\/02\\\/05\\\/presidente_akunam\\\/\",\"url\":\"https:\\\/\\\/www.kyodaikaratedo.com\\\/index.php\\\/2021\\\/02\\\/05\\\/presidente_akunam\\\/\",\"name\":\"SENSEI CARLOS CRUZ ES NOMBRADO PRESIDENTE DE LA AKUNAM\",\"isPartOf\":{\"@id\":\"https:\\\/\\\/www.kyodaikaratedo.com\\\/#website\"},\"primaryImageOfPage\":{\"@id\":\"https:\\\/\\\/www.kyodaikaratedo.com\\\/index.php\\\/2021\\\/02\\\/05\\\/presidente_akunam\\\/#primaryimage\"},\"image\":{\"@id\":\"https:\\\/\\\/www.kyodaikaratedo.com\\\/index.php\\\/2021\\\/02\\\/05\\\/presidente_akunam\\\/#primaryimage\"},\"thumbnailUrl\":\"https:\\\/\\\/www.kyodaikaratedo.com\\\/wp-content\\\/uploads\\\/2021\\\/02\\\/453214-734x1024.jpg\",\"datePublished\":\"2021-02-05T16:44:49+00:00\",\"dateModified\":\"2021-02-09T18:14:06+00:00\",\"description\":\"El pasado mi\u00e9rcoles 27 de enero de 2021, el Prof. Carlos Octavio Cruz Valencia, miembro fundador de los DOJOS KY\u014dDAI KARATE DO obtuvo el nombramiento de\",\"breadcrumb\":{\"@id\":\"https:\\\/\\\/www.kyodaikaratedo.com\\\/index.php\\\/2021\\\/02\\\/05\\\/presidente_akunam\\\/#breadcrumb\"},\"inLanguage\":\"es\",\"potentialAction\":[{\"@type\":\"ReadAction\",\"target\":[\"https:\\\/\\\/www.kyodaikaratedo.com\\\/index.php\\\/2021\\\/02\\\/05\\\/presidente_akunam\\\/\"]}]},{\"@type\":\"ImageObject\",\"inLanguage\":\"es\",\"@id\":\"https:\\\/\\\/www.kyodaikaratedo.com\\\/index.php\\\/2021\\\/02\\\/05\\\/presidente_akunam\\\/#primaryimage\",\"url\":\"https:\\\/\\\/www.kyodaikaratedo.com\\\/wp-content\\\/uploads\\\/2021\\\/02\\\/453214.jpg\",\"contentUrl\":\"https:\\\/\\\/www.kyodaikaratedo.com\\\/wp-content\\\/uploads\\\/2021\\\/02\\\/453214.jpg\",\"width\":764,\"height\":1066,\"caption\":\"Presidente AKUNAM\"},{\"@type\":\"BreadcrumbList\",\"@id\":\"https:\\\/\\\/www.kyodaikaratedo.com\\\/index.php\\\/2021\\\/02\\\/05\\\/presidente_akunam\\\/#breadcrumb\",\"itemListElement\":[{\"@type\":\"ListItem\",\"position\":1,\"name\":\"Inicio\",\"item\":\"https:\\\/\\\/www.kyodaikaratedo.com\\\/\"},{\"@type\":\"ListItem\",\"position\":2,\"name\":\"SENSEI CARLOS CRUZ ES NOMBRADO PRESIDENTE DE LA AKUNAM\"}]},{\"@type\":\"WebSite\",\"@id\":\"https:\\\/\\\/www.kyodaikaratedo.com\\\/#website\",\"url\":\"https:\\\/\\\/www.kyodaikaratedo.com\\\/\",\"name\":\"KY\u014cDAI KARATE DO\",\"description\":\"Bienvenido a KY\u014cDAI KARATE DO, un espacio en el que vivir&aacute;s al m&aacute;ximo el camino de la mano vac&iacute;a.\",\"publisher\":{\"@id\":\"https:\\\/\\\/www.kyodaikaratedo.com\\\/#organization\"},\"potentialAction\":[{\"@type\":\"SearchAction\",\"target\":{\"@type\":\"EntryPoint\",\"urlTemplate\":\"https:\\\/\\\/www.kyodaikaratedo.com\\\/?s={search_term_string}\"},\"query-input\":{\"@type\":\"PropertyValueSpecification\",\"valueRequired\":true,\"valueName\":\"search_term_string\"}}],\"inLanguage\":\"es\"},{\"@type\":\"Organization\",\"@id\":\"https:\\\/\\\/www.kyodaikaratedo.com\\\/#organization\",\"name\":\"KY\u014cDAI KARATE DO\",\"url\":\"https:\\\/\\\/www.kyodaikaratedo.com\\\/\",\"logo\":{\"@type\":\"ImageObject\",\"inLanguage\":\"es\",\"@id\":\"https:\\\/\\\/www.kyodaikaratedo.com\\\/#\\\/schema\\\/logo\\\/image\\\/\",\"url\":\"https:\\\/\\\/www.kyodaikaratedo.com\\\/wp-content\\\/uploads\\\/2021\\\/01\\\/WhatsApp-Image-2021-01-15-at-2.18.00-PM.jpeg\",\"contentUrl\":\"https:\\\/\\\/www.kyodaikaratedo.com\\\/wp-content\\\/uploads\\\/2021\\\/01\\\/WhatsApp-Image-2021-01-15-at-2.18.00-PM.jpeg\",\"width\":946,\"height\":1193,\"caption\":\"KY\u014cDAI KARATE DO\"},\"image\":{\"@id\":\"https:\\\/\\\/www.kyodaikaratedo.com\\\/#\\\/schema\\\/logo\\\/image\\\/\"}},{\"@type\":\"Person\",\"@id\":\"https:\\\/\\\/www.kyodaikaratedo.com\\\/#\\\/schema\\\/person\\\/fa3b58ba40c64e40b2410bd20ed37ed9\",\"name\":\"Ky\u014ddai Karate-Do\",\"image\":{\"@type\":\"ImageObject\",\"inLanguage\":\"es\",\"@id\":\"https:\\\/\\\/www.kyodaikaratedo.com\\\/wp-content\\\/litespeed\\\/avatar\\\/22403ba640820cf86a76cb424dac765d.jpg?ver=1777520687\",\"url\":\"https:\\\/\\\/www.kyodaikaratedo.com\\\/wp-content\\\/litespeed\\\/avatar\\\/22403ba640820cf86a76cb424dac765d.jpg?ver=1777520687\",\"contentUrl\":\"https:\\\/\\\/www.kyodaikaratedo.com\\\/wp-content\\\/litespeed\\\/avatar\\\/22403ba640820cf86a76cb424dac765d.jpg?ver=1777520687\",\"caption\":\"Ky\u014ddai Karate-Do\"},\"sameAs\":[\"https:\\\/\\\/www.kyodaikaratedo.com\"],\"url\":\"https:\\\/\\\/www.kyodaikaratedo.com\\\/index.php\\\/author\\\/admin\\\/\"}]}<\/script>\n<!-- \/ Yoast SEO plugin. -->","yoast_head_json":{"title":"SENSEI CARLOS CRUZ ES NOMBRADO PRESIDENTE DE LA AKUNAM","description":"El pasado mi\u00e9rcoles 27 de enero de 2021, el Prof. Carlos Octavio Cruz Valencia, miembro fundador de los DOJOS KY\u014dDAI KARATE DO obtuvo el nombramiento de","robots":{"index":"index","follow":"follow","max-snippet":"max-snippet:-1","max-image-preview":"max-image-preview:large","max-video-preview":"max-video-preview:-1"},"canonical":"https:\/\/www.kyodaikaratedo.com\/index.php\/2021\/02\/05\/presidente_akunam\/","og_locale":"es_MX","og_type":"article","og_title":"SENSEI CARLOS CRUZ ES NOMBRADO PRESIDENTE DE LA AKUNAM","og_description":"El pasado mi\u00e9rcoles 27 de enero de 2021, el Prof. Carlos Octavio Cruz Valencia, miembro fundador de los DOJOS KY\u014dDAI KARATE DO obtuvo el nombramiento de","og_url":"https:\/\/www.kyodaikaratedo.com\/index.php\/2021\/02\/05\/presidente_akunam\/","og_site_name":"KY\u014cDAI KARATE DO","article_published_time":"2021-02-05T16:44:49+00:00","article_modified_time":"2021-02-09T18:14:06+00:00","og_image":[{"url":"https:\/\/www.kyodaikaratedo.com\/wp-content\/uploads\/2021\/02\/453214-734x1024.jpg","type":"","width":"","height":""}],"author":"Ky\u014ddai Karate-Do","twitter_card":"summary_large_image","twitter_misc":{"Escrito por":"Ky\u014ddai Karate-Do","Tiempo de lectura":"1 minuto"},"schema":{"@context":"https:\/\/schema.org","@graph":[{"@type":"Article","@id":"https:\/\/www.kyodaikaratedo.com\/index.php\/2021\/02\/05\/presidente_akunam\/#article","isPartOf":{"@id":"https:\/\/www.kyodaikaratedo.com\/index.php\/2021\/02\/05\/presidente_akunam\/"},"author":{"name":"Ky\u014ddai Karate-Do","@id":"https:\/\/www.kyodaikaratedo.com\/#\/schema\/person\/fa3b58ba40c64e40b2410bd20ed37ed9"},"headline":"SENSEI CARLOS CRUZ ES NOMBRADO PRESIDENTE DE LA AKUNAM","datePublished":"2021-02-05T16:44:49+00:00","dateModified":"2021-02-09T18:14:06+00:00","mainEntityOfPage":{"@id":"https:\/\/www.kyodaikaratedo.com\/index.php\/2021\/02\/05\/presidente_akunam\/"},"wordCount":191,"commentCount":0,"publisher":{"@id":"https:\/\/www.kyodaikaratedo.com\/#organization"},"image":{"@id":"https:\/\/www.kyodaikaratedo.com\/index.php\/2021\/02\/05\/presidente_akunam\/#primaryimage"},"thumbnailUrl":"https:\/\/www.kyodaikaratedo.com\/wp-content\/uploads\/2021\/02\/453214-734x1024.jpg","articleSection":["KY\u014cDAI NOTAS"],"inLanguage":"es","potentialAction":[{"@type":"CommentAction","name":"Comment","target":["https:\/\/www.kyodaikaratedo.com\/index.php\/2021\/02\/05\/presidente_akunam\/#respond"]}]},{"@type":"WebPage","@id":"https:\/\/www.kyodaikaratedo.com\/index.php\/2021\/02\/05\/presidente_akunam\/","url":"https:\/\/www.kyodaikaratedo.com\/index.php\/2021\/02\/05\/presidente_akunam\/","name":"SENSEI CARLOS CRUZ ES NOMBRADO PRESIDENTE DE LA AKUNAM","isPartOf":{"@id":"https:\/\/www.kyodaikaratedo.com\/#website"},"primaryImageOfPage":{"@id":"https:\/\/www.kyodaikaratedo.com\/index.php\/2021\/02\/05\/presidente_akunam\/#primaryimage"},"image":{"@id":"https:\/\/www.kyodaikaratedo.com\/index.php\/2021\/02\/05\/presidente_akunam\/#primaryimage"},"thumbnailUrl":"https:\/\/www.kyodaikaratedo.com\/wp-content\/uploads\/2021\/02\/453214-734x1024.jpg","datePublished":"2021-02-05T16:44:49+00:00","dateModified":"2021-02-09T18:14:06+00:00","description":"El pasado mi\u00e9rcoles 27 de enero de 2021, el Prof. Carlos Octavio Cruz Valencia, miembro fundador de los DOJOS KY\u014dDAI KARATE DO obtuvo el nombramiento de","breadcrumb":{"@id":"https:\/\/www.kyodaikaratedo.com\/index.php\/2021\/02\/05\/presidente_akunam\/#breadcrumb"},"inLanguage":"es","potentialAction":[{"@type":"ReadAction","target":["https:\/\/www.kyodaikaratedo.com\/index.php\/2021\/02\/05\/presidente_akunam\/"]}]},{"@type":"ImageObject","inLanguage":"es","@id":"https:\/\/www.kyodaikaratedo.com\/index.php\/2021\/02\/05\/presidente_akunam\/#primaryimage","url":"https:\/\/www.kyodaikaratedo.com\/wp-content\/uploads\/2021\/02\/453214.jpg","contentUrl":"https:\/\/www.kyodaikaratedo.com\/wp-content\/uploads\/2021\/02\/453214.jpg","width":764,"height":1066,"caption":"Presidente AKUNAM"},{"@type":"BreadcrumbList","@id":"https:\/\/www.kyodaikaratedo.com\/index.php\/2021\/02\/05\/presidente_akunam\/#breadcrumb","itemListElement":[{"@type":"ListItem","position":1,"name":"Inicio","item":"https:\/\/www.kyodaikaratedo.com\/"},{"@type":"ListItem","position":2,"name":"SENSEI CARLOS CRUZ ES NOMBRADO PRESIDENTE DE LA AKUNAM"}]},{"@type":"WebSite","@id":"https:\/\/www.kyodaikaratedo.com\/#website","url":"https:\/\/www.kyodaikaratedo.com\/","name":"KY\u014cDAI KARATE DO","description":"Bienvenido a KY\u014cDAI KARATE DO, un espacio en el que vivir&aacute;s al m&aacute;ximo el camino de la mano vac&iacute;a.","publisher":{"@id":"https:\/\/www.kyodaikaratedo.com\/#organization"},"potentialAction":[{"@type":"SearchAction","target":{"@type":"EntryPoint","urlTemplate":"https:\/\/www.kyodaikaratedo.com\/?s={search_term_string}"},"query-input":{"@type":"PropertyValueSpecification","valueRequired":true,"valueName":"search_term_string"}}],"inLanguage":"es"},{"@type":"Organization","@id":"https:\/\/www.kyodaikaratedo.com\/#organization","name":"KY\u014cDAI KARATE DO","url":"https:\/\/www.kyodaikaratedo.com\/","logo":{"@type":"ImageObject","inLanguage":"es","@id":"https:\/\/www.kyodaikaratedo.com\/#\/schema\/logo\/image\/","url":"https:\/\/www.kyodaikaratedo.com\/wp-content\/uploads\/2021\/01\/WhatsApp-Image-2021-01-15-at-2.18.00-PM.jpeg","contentUrl":"https:\/\/www.kyodaikaratedo.com\/wp-content\/uploads\/2021\/01\/WhatsApp-Image-2021-01-15-at-2.18.00-PM.jpeg","width":946,"height":1193,"caption":"KY\u014cDAI KARATE DO"},"image":{"@id":"https:\/\/www.kyodaikaratedo.com\/#\/schema\/logo\/image\/"}},{"@type":"Person","@id":"https:\/\/www.kyodaikaratedo.com\/#\/schema\/person\/fa3b58ba40c64e40b2410bd20ed37ed9","name":"Ky\u014ddai Karate-Do","image":{"@type":"ImageObject","inLanguage":"es","@id":"https:\/\/www.kyodaikaratedo.com\/wp-content\/litespeed\/avatar\/22403ba640820cf86a76cb424dac765d.jpg?ver=1777520687","url":"https:\/\/www.kyodaikaratedo.com\/wp-content\/litespeed\/avatar\/22403ba640820cf86a76cb424dac765d.jpg?ver=1777520687","contentUrl":"https:\/\/www.kyodaikaratedo.com\/wp-content\/litespeed\/avatar\/22403ba640820cf86a76cb424dac765d.jpg?ver=1777520687","caption":"Ky\u014ddai Karate-Do"},"sameAs":["https:\/\/www.kyodaikaratedo.com"],"url":"https:\/\/www.kyodaikaratedo.com\/index.php\/author\/admin\/"}]}},"_links":{"self":[{"href":"https:\/\/www.kyodaikaratedo.com\/index.php\/wp-json\/wp\/v2\/posts\/505","targetHints":{"allow":["GET"]}}],"collection":[{"href":"https:\/\/www.kyodaikaratedo.com\/index.php\/wp-json\/wp\/v2\/posts"}],"about":[{"href":"https:\/\/www.kyodaikaratedo.com\/index.php\/wp-json\/wp\/v2\/types\/post"}],"author":[{"embeddable":true,"href":"https:\/\/www.kyodaikaratedo.com\/index.php\/wp-json\/wp\/v2\/users\/1"}],"replies":[{"embeddable":true,"href":"https:\/\/www.kyodaikaratedo.com\/index.php\/wp-json\/wp\/v2\/comments?post=505"}],"version-history":[{"count":1,"href":"https:\/\/www.kyodaikaratedo.com\/index.php\/wp-json\/wp\/v2\/posts\/505\/revisions"}],"predecessor-version":[{"id":507,"href":"https:\/\/www.kyodaikaratedo.com\/index.php\/wp-json\/wp\/v2\/posts\/505\/revisions\/507"}],"wp:attachment":[{"href":"https:\/\/www.kyodaikaratedo.com\/index.php\/wp-json\/wp\/v2\/media?parent=505"}],"wp:term":[{"taxonomy":"category","embeddable":true,"href":"https:\/\/www.kyodaikaratedo.com\/index.php\/wp-json\/wp\/v2\/categories?post=505"},{"taxonomy":"post_tag","embeddable":true,"href":"https:\/\/www.kyodaikaratedo.com\/index.php\/wp-json\/wp\/v2\/tags?post=505"}],"curies":[{"name":"wp","href":"https:\/\/api.w.org\/{rel}","templated":true}]}}