{"id":576,"date":"2021-02-14T13:00:11","date_gmt":"2021-02-14T19:00:11","guid":{"rendered":"https:\/\/www.kyodaikaratedo.com\/?p=576"},"modified":"2021-02-16T12:59:45","modified_gmt":"2021-02-16T18:59:45","slug":"amistad_marcial","status":"publish","type":"post","link":"https:\/\/www.kyodaikaratedo.com\/index.php\/2021\/02\/14\/amistad_marcial\/","title":{"rendered":"SE REALIZA CONVIVENCIA KY\u014dDAI \u201cAMISTAD MARCIAL\u201d"},"content":{"rendered":"\n<figure class=\"wp-block-image size-large\"><img decoding=\"async\" width=\"1024\" height=\"576\" data-src=\"https:\/\/www.kyodaikaratedo.com\/wp-content\/uploads\/2021\/02\/IMG-20210213-WA0006-1024x576.jpg\" alt=\"\" class=\"wp-image-577 lazyload\" data-srcset=\"https:\/\/www.kyodaikaratedo.com\/wp-content\/uploads\/2021\/02\/IMG-20210213-WA0006-1024x576.jpg 1024w, https:\/\/www.kyodaikaratedo.com\/wp-content\/uploads\/2021\/02\/IMG-20210213-WA0006-300x169.jpg 300w, https:\/\/www.kyodaikaratedo.com\/wp-content\/uploads\/2021\/02\/IMG-20210213-WA0006-768x432.jpg 768w, https:\/\/www.kyodaikaratedo.com\/wp-content\/uploads\/2021\/02\/IMG-20210213-WA0006.jpg 1280w\" data-sizes=\"(max-width: 1024px) 100vw, 1024px\" src=\"data:image\/svg+xml;base64,PHN2ZyB3aWR0aD0iMSIgaGVpZ2h0PSIxIiB4bWxucz0iaHR0cDovL3d3dy53My5vcmcvMjAwMC9zdmciPjwvc3ZnPg==\" style=\"--smush-placeholder-width: 1024px; --smush-placeholder-aspect-ratio: 1024\/576;\" \/><\/figure>\n\n\n\n<p>Con una entusiasta y alegre participaci\u00f3n, el s\u00e1bado 13 de febrero de 2021 los DOJOS KY\u014dDAI KARATE DO realizaron su primer CONVIVENCIA KY\u014dDAI con una s\u00faper clase virtual, en la que estuvieron presentes alumnos de todas las escuelas de esta agrupaci\u00f3n.<br>Durante casi dos horas, alumnos y profesores compartieron un entrenamiento en el que se demostr\u00f3 en todo momento la gran actitud y energ\u00eda que se han adquirido en las sesiones a distancia que se han estado brindando en esta etapa de resguardo, cuidando en todo momento la salud de los alumnos y sus familias.<\/p>\n\n\n\n<figure class=\"wp-block-image size-large\"><img decoding=\"async\" width=\"1024\" height=\"574\" data-src=\"https:\/\/www.kyodaikaratedo.com\/wp-content\/uploads\/2021\/02\/IMG-20210213-WA0007-1024x574.jpg\" alt=\"\" class=\"wp-image-578 lazyload\" data-srcset=\"https:\/\/www.kyodaikaratedo.com\/wp-content\/uploads\/2021\/02\/IMG-20210213-WA0007-1024x574.jpg 1024w, https:\/\/www.kyodaikaratedo.com\/wp-content\/uploads\/2021\/02\/IMG-20210213-WA0007-300x168.jpg 300w, https:\/\/www.kyodaikaratedo.com\/wp-content\/uploads\/2021\/02\/IMG-20210213-WA0007-768x431.jpg 768w, https:\/\/www.kyodaikaratedo.com\/wp-content\/uploads\/2021\/02\/IMG-20210213-WA0007.jpg 1280w\" data-sizes=\"(max-width: 1024px) 100vw, 1024px\" src=\"data:image\/svg+xml;base64,PHN2ZyB3aWR0aD0iMSIgaGVpZ2h0PSIxIiB4bWxucz0iaHR0cDovL3d3dy53My5vcmcvMjAwMC9zdmciPjwvc3ZnPg==\" style=\"--smush-placeholder-width: 1024px; --smush-placeholder-aspect-ratio: 1024\/574;\" \/><\/figure>\n\n\n\n<p><br>Momento emotivo tambi\u00e9n fue la proyecci\u00f3n de presentaciones de dibujos con el tema de la amistad, denotando cada uno de ellos el escudo KY\u014dDAI, con el prop\u00f3sito de fortalecer el sentido de identidad y pertenencia a KY\u014dDAI KARATE DO.<br>Sobre el nombre de \u201cAmistad Marcial\u201d, el Prof. Juan Pablo Ram\u00edrez Flores, quien se encuentra al frente de KY\u014dDAI Parque, expres\u00f3 que est\u00e1 relacionado con la fecha del d\u00eda de San Valent\u00edn que se celebrar\u00eda al d\u00eda siguiente, pero principalmente con la idea de fortalecer la amistad como un valor a fomentar y practicar entre los miembros de los DOJOS KY\u014dDAI, en los cuales incluso se pretende alcanzar una m\u00e1xima superior que es la de Hermandad\u201d.<\/p>\n\n\n\n<figure class=\"wp-block-image size-large\"><img decoding=\"async\" width=\"1024\" height=\"574\" data-src=\"https:\/\/www.kyodaikaratedo.com\/wp-content\/uploads\/2021\/02\/IMG-20210213-WA0010-1024x574.jpg\" alt=\"\" class=\"wp-image-579 lazyload\" data-srcset=\"https:\/\/www.kyodaikaratedo.com\/wp-content\/uploads\/2021\/02\/IMG-20210213-WA0010-1024x574.jpg 1024w, https:\/\/www.kyodaikaratedo.com\/wp-content\/uploads\/2021\/02\/IMG-20210213-WA0010-300x168.jpg 300w, https:\/\/www.kyodaikaratedo.com\/wp-content\/uploads\/2021\/02\/IMG-20210213-WA0010-768x431.jpg 768w, https:\/\/www.kyodaikaratedo.com\/wp-content\/uploads\/2021\/02\/IMG-20210213-WA0010.jpg 1280w\" data-sizes=\"(max-width: 1024px) 100vw, 1024px\" src=\"data:image\/svg+xml;base64,PHN2ZyB3aWR0aD0iMSIgaGVpZ2h0PSIxIiB4bWxucz0iaHR0cDovL3d3dy53My5vcmcvMjAwMC9zdmciPjwvc3ZnPg==\" style=\"--smush-placeholder-width: 1024px; --smush-placeholder-aspect-ratio: 1024\/574;\" \/><\/figure>\n\n\n\n<p><br>Los alumnos se mostraron muy contentos con esta clase especial, como qued\u00f3 manifestado en los comentarios que algunos de ellos realizaron cuando se les abri\u00f3 el micr\u00f3fono en la sesi\u00f3n zoom que dio lugar a este gran evento.<br>Por: Yasmin Castillo<\/p>\n","protected":false},"excerpt":{"rendered":"<p>Con una entusiasta y alegre participaci\u00f3n, el s\u00e1bado 13 de febrero de 2021 los DOJOS KY\u014dDAI KARATE DO realizaron su primer CONVIVENCIA KY\u014dDAI con una s\u00faper clase virtual, en la que estuvieron presentes alumnos de todas las escuelas de esta agrupaci\u00f3n.Durante casi dos horas, alumnos y profesores compartieron un entrenamiento en el que se demostr\u00f3 [&hellip;]<\/p>\n","protected":false},"author":2,"featured_media":0,"comment_status":"open","ping_status":"open","sticky":false,"template":"","format":"standard","meta":{"ocean_post_layout":"","ocean_both_sidebars_style":"","ocean_both_sidebars_content_width":0,"ocean_both_sidebars_sidebars_width":0,"ocean_sidebar":"0","ocean_second_sidebar":"0","ocean_disable_margins":"enable","ocean_add_body_class":"","ocean_shortcode_before_top_bar":"","ocean_shortcode_after_top_bar":"","ocean_shortcode_before_header":"","ocean_shortcode_after_header":"","ocean_has_shortcode":"","ocean_shortcode_after_title":"","ocean_shortcode_before_footer_widgets":"","ocean_shortcode_after_footer_widgets":"","ocean_shortcode_before_footer_bottom":"","ocean_shortcode_after_footer_bottom":"","ocean_display_top_bar":"default","ocean_display_header":"default","ocean_header_style":"","ocean_center_header_left_menu":"0","ocean_custom_header_template":"0","ocean_custom_logo":0,"ocean_custom_retina_logo":0,"ocean_custom_logo_max_width":0,"ocean_custom_logo_tablet_max_width":0,"ocean_custom_logo_mobile_max_width":0,"ocean_custom_logo_max_height":0,"ocean_custom_logo_tablet_max_height":0,"ocean_custom_logo_mobile_max_height":0,"ocean_header_custom_menu":"0","ocean_menu_typo_font_family":"0","ocean_menu_typo_font_subset":"","ocean_menu_typo_font_size":0,"ocean_menu_typo_font_size_tablet":0,"ocean_menu_typo_font_size_mobile":0,"ocean_menu_typo_font_size_unit":"px","ocean_menu_typo_font_weight":"","ocean_menu_typo_font_weight_tablet":"","ocean_menu_typo_font_weight_mobile":"","ocean_menu_typo_transform":"","ocean_menu_typo_transform_tablet":"","ocean_menu_typo_transform_mobile":"","ocean_menu_typo_line_height":0,"ocean_menu_typo_line_height_tablet":0,"ocean_menu_typo_line_height_mobile":0,"ocean_menu_typo_line_height_unit":"","ocean_menu_typo_spacing":0,"ocean_menu_typo_spacing_tablet":0,"ocean_menu_typo_spacing_mobile":0,"ocean_menu_typo_spacing_unit":"","ocean_menu_link_color":"","ocean_menu_link_color_hover":"","ocean_menu_link_color_active":"","ocean_menu_link_background":"","ocean_menu_link_hover_background":"","ocean_menu_link_active_background":"","ocean_menu_social_links_bg":"","ocean_menu_social_hover_links_bg":"","ocean_menu_social_links_color":"","ocean_menu_social_hover_links_color":"","ocean_disable_title":"default","ocean_disable_heading":"default","ocean_post_title":"","ocean_post_subheading":"","ocean_post_title_style":"","ocean_post_title_background_color":"","ocean_post_title_background":0,"ocean_post_title_bg_image_position":"","ocean_post_title_bg_image_attachment":"","ocean_post_title_bg_image_repeat":"","ocean_post_title_bg_image_size":"","ocean_post_title_height":0,"ocean_post_title_bg_overlay":0.5,"ocean_post_title_bg_overlay_color":"","ocean_disable_breadcrumbs":"default","ocean_breadcrumbs_color":"","ocean_breadcrumbs_separator_color":"","ocean_breadcrumbs_links_color":"","ocean_breadcrumbs_links_hover_color":"","ocean_display_footer_widgets":"default","ocean_display_footer_bottom":"default","ocean_custom_footer_template":"0","ocean_post_oembed":"","ocean_post_self_hosted_media":"","ocean_post_video_embed":"","ocean_link_format":"","ocean_link_format_target":"self","ocean_quote_format":"","ocean_quote_format_link":"post","ocean_gallery_link_images":"off","ocean_gallery_id":[],"footnotes":""},"categories":[9,10],"tags":[],"class_list":["post-576","post","type-post","status-publish","format-standard","hentry","category-eventos","category-blog","entry"],"yoast_head":"<!-- This site is optimized with the Yoast SEO plugin v27.4 - https:\/\/yoast.com\/product\/yoast-seo-wordpress\/ -->\n<title>SE REALIZA CONVIVENCIA KY\u014dDAI \u201cAMISTAD MARCIAL\u201d<\/title>\n<meta name=\"description\" content=\"Con una entusiasta y alegre participaci\u00f3n, el s\u00e1bado 13 de febrero de 2021 los DOJOS KY\u014dDAI KARATE DO realizaron su primer CONVIVENCIA KY\u014dDAI con una\" \/>\n<meta name=\"robots\" content=\"index, follow, max-snippet:-1, max-image-preview:large, max-video-preview:-1\" \/>\n<link rel=\"canonical\" href=\"https:\/\/www.kyodaikaratedo.com\/index.php\/2021\/02\/14\/amistad_marcial\/\" \/>\n<meta property=\"og:locale\" content=\"es_MX\" \/>\n<meta property=\"og:type\" content=\"article\" \/>\n<meta property=\"og:title\" content=\"SE REALIZA CONVIVENCIA KY\u014dDAI \u201cAMISTAD MARCIAL\u201d\" \/>\n<meta property=\"og:description\" content=\"Con una entusiasta y alegre participaci\u00f3n, el s\u00e1bado 13 de febrero de 2021 los DOJOS KY\u014dDAI KARATE DO realizaron su primer CONVIVENCIA KY\u014dDAI con una\" \/>\n<meta property=\"og:url\" content=\"https:\/\/www.kyodaikaratedo.com\/index.php\/2021\/02\/14\/amistad_marcial\/\" \/>\n<meta property=\"og:site_name\" content=\"KY\u014cDAI KARATE DO\" \/>\n<meta property=\"article:published_time\" content=\"2021-02-14T19:00:11+00:00\" \/>\n<meta property=\"article:modified_time\" content=\"2021-02-16T18:59:45+00:00\" \/>\n<meta property=\"og:image\" content=\"https:\/\/www.kyodaikaratedo.com\/wp-content\/uploads\/2021\/02\/IMG-20210213-WA0006-1024x576.jpg\" \/>\n<meta name=\"author\" content=\"Yasmin Castillo\" \/>\n<meta name=\"twitter:card\" content=\"summary_large_image\" \/>\n<meta name=\"twitter:label1\" content=\"Escrito por\" \/>\n\t<meta name=\"twitter:data1\" content=\"Yasmin Castillo\" \/>\n\t<meta name=\"twitter:label2\" content=\"Tiempo de lectura\" \/>\n\t<meta name=\"twitter:data2\" content=\"2 minutos\" \/>\n<script type=\"application\/ld+json\" class=\"yoast-schema-graph\">{\"@context\":\"https:\\\/\\\/schema.org\",\"@graph\":[{\"@type\":\"Article\",\"@id\":\"https:\\\/\\\/www.kyodaikaratedo.com\\\/index.php\\\/2021\\\/02\\\/14\\\/amistad_marcial\\\/#article\",\"isPartOf\":{\"@id\":\"https:\\\/\\\/www.kyodaikaratedo.com\\\/index.php\\\/2021\\\/02\\\/14\\\/amistad_marcial\\\/\"},\"author\":{\"name\":\"Yasmin Castillo\",\"@id\":\"https:\\\/\\\/www.kyodaikaratedo.com\\\/#\\\/schema\\\/person\\\/4910d89acfb57c24be8a87cda742cbbe\"},\"headline\":\"SE REALIZA CONVIVENCIA KY\u014dDAI \u201cAMISTAD MARCIAL\u201d\",\"datePublished\":\"2021-02-14T19:00:11+00:00\",\"dateModified\":\"2021-02-16T18:59:45+00:00\",\"mainEntityOfPage\":{\"@id\":\"https:\\\/\\\/www.kyodaikaratedo.com\\\/index.php\\\/2021\\\/02\\\/14\\\/amistad_marcial\\\/\"},\"wordCount\":278,\"commentCount\":0,\"publisher\":{\"@id\":\"https:\\\/\\\/www.kyodaikaratedo.com\\\/#organization\"},\"image\":{\"@id\":\"https:\\\/\\\/www.kyodaikaratedo.com\\\/index.php\\\/2021\\\/02\\\/14\\\/amistad_marcial\\\/#primaryimage\"},\"thumbnailUrl\":\"https:\\\/\\\/www.kyodaikaratedo.com\\\/wp-content\\\/uploads\\\/2021\\\/02\\\/IMG-20210213-WA0006-1024x576.jpg\",\"articleSection\":[\"Eventos\",\"KY\u014cDAI NOTAS\"],\"inLanguage\":\"es\",\"potentialAction\":[{\"@type\":\"CommentAction\",\"name\":\"Comment\",\"target\":[\"https:\\\/\\\/www.kyodaikaratedo.com\\\/index.php\\\/2021\\\/02\\\/14\\\/amistad_marcial\\\/#respond\"]}]},{\"@type\":\"WebPage\",\"@id\":\"https:\\\/\\\/www.kyodaikaratedo.com\\\/index.php\\\/2021\\\/02\\\/14\\\/amistad_marcial\\\/\",\"url\":\"https:\\\/\\\/www.kyodaikaratedo.com\\\/index.php\\\/2021\\\/02\\\/14\\\/amistad_marcial\\\/\",\"name\":\"SE REALIZA CONVIVENCIA KY\u014dDAI \u201cAMISTAD MARCIAL\u201d\",\"isPartOf\":{\"@id\":\"https:\\\/\\\/www.kyodaikaratedo.com\\\/#website\"},\"primaryImageOfPage\":{\"@id\":\"https:\\\/\\\/www.kyodaikaratedo.com\\\/index.php\\\/2021\\\/02\\\/14\\\/amistad_marcial\\\/#primaryimage\"},\"image\":{\"@id\":\"https:\\\/\\\/www.kyodaikaratedo.com\\\/index.php\\\/2021\\\/02\\\/14\\\/amistad_marcial\\\/#primaryimage\"},\"thumbnailUrl\":\"https:\\\/\\\/www.kyodaikaratedo.com\\\/wp-content\\\/uploads\\\/2021\\\/02\\\/IMG-20210213-WA0006-1024x576.jpg\",\"datePublished\":\"2021-02-14T19:00:11+00:00\",\"dateModified\":\"2021-02-16T18:59:45+00:00\",\"description\":\"Con una entusiasta y alegre participaci\u00f3n, el s\u00e1bado 13 de febrero de 2021 los DOJOS KY\u014dDAI KARATE DO realizaron su primer CONVIVENCIA KY\u014dDAI con una\",\"breadcrumb\":{\"@id\":\"https:\\\/\\\/www.kyodaikaratedo.com\\\/index.php\\\/2021\\\/02\\\/14\\\/amistad_marcial\\\/#breadcrumb\"},\"inLanguage\":\"es\",\"potentialAction\":[{\"@type\":\"ReadAction\",\"target\":[\"https:\\\/\\\/www.kyodaikaratedo.com\\\/index.php\\\/2021\\\/02\\\/14\\\/amistad_marcial\\\/\"]}]},{\"@type\":\"ImageObject\",\"inLanguage\":\"es\",\"@id\":\"https:\\\/\\\/www.kyodaikaratedo.com\\\/index.php\\\/2021\\\/02\\\/14\\\/amistad_marcial\\\/#primaryimage\",\"url\":\"https:\\\/\\\/www.kyodaikaratedo.com\\\/wp-content\\\/uploads\\\/2021\\\/02\\\/IMG-20210213-WA0006.jpg\",\"contentUrl\":\"https:\\\/\\\/www.kyodaikaratedo.com\\\/wp-content\\\/uploads\\\/2021\\\/02\\\/IMG-20210213-WA0006.jpg\",\"width\":1280,\"height\":720},{\"@type\":\"BreadcrumbList\",\"@id\":\"https:\\\/\\\/www.kyodaikaratedo.com\\\/index.php\\\/2021\\\/02\\\/14\\\/amistad_marcial\\\/#breadcrumb\",\"itemListElement\":[{\"@type\":\"ListItem\",\"position\":1,\"name\":\"Inicio\",\"item\":\"https:\\\/\\\/www.kyodaikaratedo.com\\\/\"},{\"@type\":\"ListItem\",\"position\":2,\"name\":\"SE REALIZA CONVIVENCIA KY\u014dDAI \u201cAMISTAD MARCIAL\u201d\"}]},{\"@type\":\"WebSite\",\"@id\":\"https:\\\/\\\/www.kyodaikaratedo.com\\\/#website\",\"url\":\"https:\\\/\\\/www.kyodaikaratedo.com\\\/\",\"name\":\"KY\u014cDAI KARATE DO\",\"description\":\"Bienvenido a KY\u014cDAI KARATE DO, un espacio en el que vivir&aacute;s al m&aacute;ximo el camino de la mano vac&iacute;a.\",\"publisher\":{\"@id\":\"https:\\\/\\\/www.kyodaikaratedo.com\\\/#organization\"},\"potentialAction\":[{\"@type\":\"SearchAction\",\"target\":{\"@type\":\"EntryPoint\",\"urlTemplate\":\"https:\\\/\\\/www.kyodaikaratedo.com\\\/?s={search_term_string}\"},\"query-input\":{\"@type\":\"PropertyValueSpecification\",\"valueRequired\":true,\"valueName\":\"search_term_string\"}}],\"inLanguage\":\"es\"},{\"@type\":\"Organization\",\"@id\":\"https:\\\/\\\/www.kyodaikaratedo.com\\\/#organization\",\"name\":\"KY\u014cDAI KARATE DO\",\"url\":\"https:\\\/\\\/www.kyodaikaratedo.com\\\/\",\"logo\":{\"@type\":\"ImageObject\",\"inLanguage\":\"es\",\"@id\":\"https:\\\/\\\/www.kyodaikaratedo.com\\\/#\\\/schema\\\/logo\\\/image\\\/\",\"url\":\"https:\\\/\\\/www.kyodaikaratedo.com\\\/wp-content\\\/uploads\\\/2021\\\/01\\\/WhatsApp-Image-2021-01-15-at-2.18.00-PM.jpeg\",\"contentUrl\":\"https:\\\/\\\/www.kyodaikaratedo.com\\\/wp-content\\\/uploads\\\/2021\\\/01\\\/WhatsApp-Image-2021-01-15-at-2.18.00-PM.jpeg\",\"width\":946,\"height\":1193,\"caption\":\"KY\u014cDAI KARATE DO\"},\"image\":{\"@id\":\"https:\\\/\\\/www.kyodaikaratedo.com\\\/#\\\/schema\\\/logo\\\/image\\\/\"}},{\"@type\":\"Person\",\"@id\":\"https:\\\/\\\/www.kyodaikaratedo.com\\\/#\\\/schema\\\/person\\\/4910d89acfb57c24be8a87cda742cbbe\",\"name\":\"Yasmin Castillo\",\"image\":{\"@type\":\"ImageObject\",\"inLanguage\":\"es\",\"@id\":\"https:\\\/\\\/www.kyodaikaratedo.com\\\/wp-content\\\/litespeed\\\/avatar\\\/b7dbace394e43620073038117269bd40.jpg?ver=1777094871\",\"url\":\"https:\\\/\\\/www.kyodaikaratedo.com\\\/wp-content\\\/litespeed\\\/avatar\\\/b7dbace394e43620073038117269bd40.jpg?ver=1777094871\",\"contentUrl\":\"https:\\\/\\\/www.kyodaikaratedo.com\\\/wp-content\\\/litespeed\\\/avatar\\\/b7dbace394e43620073038117269bd40.jpg?ver=1777094871\",\"caption\":\"Yasmin Castillo\"},\"url\":\"https:\\\/\\\/www.kyodaikaratedo.com\\\/index.php\\\/author\\\/yasmin-castillo\\\/\"}]}<\/script>\n<!-- \/ Yoast SEO plugin. -->","yoast_head_json":{"title":"SE REALIZA CONVIVENCIA KY\u014dDAI \u201cAMISTAD MARCIAL\u201d","description":"Con una entusiasta y alegre participaci\u00f3n, el s\u00e1bado 13 de febrero de 2021 los DOJOS KY\u014dDAI KARATE DO realizaron su primer CONVIVENCIA KY\u014dDAI con una","robots":{"index":"index","follow":"follow","max-snippet":"max-snippet:-1","max-image-preview":"max-image-preview:large","max-video-preview":"max-video-preview:-1"},"canonical":"https:\/\/www.kyodaikaratedo.com\/index.php\/2021\/02\/14\/amistad_marcial\/","og_locale":"es_MX","og_type":"article","og_title":"SE REALIZA CONVIVENCIA KY\u014dDAI \u201cAMISTAD MARCIAL\u201d","og_description":"Con una entusiasta y alegre participaci\u00f3n, el s\u00e1bado 13 de febrero de 2021 los DOJOS KY\u014dDAI KARATE DO realizaron su primer CONVIVENCIA KY\u014dDAI con una","og_url":"https:\/\/www.kyodaikaratedo.com\/index.php\/2021\/02\/14\/amistad_marcial\/","og_site_name":"KY\u014cDAI KARATE DO","article_published_time":"2021-02-14T19:00:11+00:00","article_modified_time":"2021-02-16T18:59:45+00:00","og_image":[{"url":"https:\/\/www.kyodaikaratedo.com\/wp-content\/uploads\/2021\/02\/IMG-20210213-WA0006-1024x576.jpg","type":"","width":"","height":""}],"author":"Yasmin Castillo","twitter_card":"summary_large_image","twitter_misc":{"Escrito por":"Yasmin Castillo","Tiempo de lectura":"2 minutos"},"schema":{"@context":"https:\/\/schema.org","@graph":[{"@type":"Article","@id":"https:\/\/www.kyodaikaratedo.com\/index.php\/2021\/02\/14\/amistad_marcial\/#article","isPartOf":{"@id":"https:\/\/www.kyodaikaratedo.com\/index.php\/2021\/02\/14\/amistad_marcial\/"},"author":{"name":"Yasmin Castillo","@id":"https:\/\/www.kyodaikaratedo.com\/#\/schema\/person\/4910d89acfb57c24be8a87cda742cbbe"},"headline":"SE REALIZA CONVIVENCIA KY\u014dDAI \u201cAMISTAD MARCIAL\u201d","datePublished":"2021-02-14T19:00:11+00:00","dateModified":"2021-02-16T18:59:45+00:00","mainEntityOfPage":{"@id":"https:\/\/www.kyodaikaratedo.com\/index.php\/2021\/02\/14\/amistad_marcial\/"},"wordCount":278,"commentCount":0,"publisher":{"@id":"https:\/\/www.kyodaikaratedo.com\/#organization"},"image":{"@id":"https:\/\/www.kyodaikaratedo.com\/index.php\/2021\/02\/14\/amistad_marcial\/#primaryimage"},"thumbnailUrl":"https:\/\/www.kyodaikaratedo.com\/wp-content\/uploads\/2021\/02\/IMG-20210213-WA0006-1024x576.jpg","articleSection":["Eventos","KY\u014cDAI NOTAS"],"inLanguage":"es","potentialAction":[{"@type":"CommentAction","name":"Comment","target":["https:\/\/www.kyodaikaratedo.com\/index.php\/2021\/02\/14\/amistad_marcial\/#respond"]}]},{"@type":"WebPage","@id":"https:\/\/www.kyodaikaratedo.com\/index.php\/2021\/02\/14\/amistad_marcial\/","url":"https:\/\/www.kyodaikaratedo.com\/index.php\/2021\/02\/14\/amistad_marcial\/","name":"SE REALIZA CONVIVENCIA KY\u014dDAI \u201cAMISTAD MARCIAL\u201d","isPartOf":{"@id":"https:\/\/www.kyodaikaratedo.com\/#website"},"primaryImageOfPage":{"@id":"https:\/\/www.kyodaikaratedo.com\/index.php\/2021\/02\/14\/amistad_marcial\/#primaryimage"},"image":{"@id":"https:\/\/www.kyodaikaratedo.com\/index.php\/2021\/02\/14\/amistad_marcial\/#primaryimage"},"thumbnailUrl":"https:\/\/www.kyodaikaratedo.com\/wp-content\/uploads\/2021\/02\/IMG-20210213-WA0006-1024x576.jpg","datePublished":"2021-02-14T19:00:11+00:00","dateModified":"2021-02-16T18:59:45+00:00","description":"Con una entusiasta y alegre participaci\u00f3n, el s\u00e1bado 13 de febrero de 2021 los DOJOS KY\u014dDAI KARATE DO realizaron su primer CONVIVENCIA KY\u014dDAI con una","breadcrumb":{"@id":"https:\/\/www.kyodaikaratedo.com\/index.php\/2021\/02\/14\/amistad_marcial\/#breadcrumb"},"inLanguage":"es","potentialAction":[{"@type":"ReadAction","target":["https:\/\/www.kyodaikaratedo.com\/index.php\/2021\/02\/14\/amistad_marcial\/"]}]},{"@type":"ImageObject","inLanguage":"es","@id":"https:\/\/www.kyodaikaratedo.com\/index.php\/2021\/02\/14\/amistad_marcial\/#primaryimage","url":"https:\/\/www.kyodaikaratedo.com\/wp-content\/uploads\/2021\/02\/IMG-20210213-WA0006.jpg","contentUrl":"https:\/\/www.kyodaikaratedo.com\/wp-content\/uploads\/2021\/02\/IMG-20210213-WA0006.jpg","width":1280,"height":720},{"@type":"BreadcrumbList","@id":"https:\/\/www.kyodaikaratedo.com\/index.php\/2021\/02\/14\/amistad_marcial\/#breadcrumb","itemListElement":[{"@type":"ListItem","position":1,"name":"Inicio","item":"https:\/\/www.kyodaikaratedo.com\/"},{"@type":"ListItem","position":2,"name":"SE REALIZA CONVIVENCIA KY\u014dDAI \u201cAMISTAD MARCIAL\u201d"}]},{"@type":"WebSite","@id":"https:\/\/www.kyodaikaratedo.com\/#website","url":"https:\/\/www.kyodaikaratedo.com\/","name":"KY\u014cDAI KARATE DO","description":"Bienvenido a KY\u014cDAI KARATE DO, un espacio en el que vivir&aacute;s al m&aacute;ximo el camino de la mano vac&iacute;a.","publisher":{"@id":"https:\/\/www.kyodaikaratedo.com\/#organization"},"potentialAction":[{"@type":"SearchAction","target":{"@type":"EntryPoint","urlTemplate":"https:\/\/www.kyodaikaratedo.com\/?s={search_term_string}"},"query-input":{"@type":"PropertyValueSpecification","valueRequired":true,"valueName":"search_term_string"}}],"inLanguage":"es"},{"@type":"Organization","@id":"https:\/\/www.kyodaikaratedo.com\/#organization","name":"KY\u014cDAI KARATE DO","url":"https:\/\/www.kyodaikaratedo.com\/","logo":{"@type":"ImageObject","inLanguage":"es","@id":"https:\/\/www.kyodaikaratedo.com\/#\/schema\/logo\/image\/","url":"https:\/\/www.kyodaikaratedo.com\/wp-content\/uploads\/2021\/01\/WhatsApp-Image-2021-01-15-at-2.18.00-PM.jpeg","contentUrl":"https:\/\/www.kyodaikaratedo.com\/wp-content\/uploads\/2021\/01\/WhatsApp-Image-2021-01-15-at-2.18.00-PM.jpeg","width":946,"height":1193,"caption":"KY\u014cDAI KARATE DO"},"image":{"@id":"https:\/\/www.kyodaikaratedo.com\/#\/schema\/logo\/image\/"}},{"@type":"Person","@id":"https:\/\/www.kyodaikaratedo.com\/#\/schema\/person\/4910d89acfb57c24be8a87cda742cbbe","name":"Yasmin Castillo","image":{"@type":"ImageObject","inLanguage":"es","@id":"https:\/\/www.kyodaikaratedo.com\/wp-content\/litespeed\/avatar\/b7dbace394e43620073038117269bd40.jpg?ver=1777094871","url":"https:\/\/www.kyodaikaratedo.com\/wp-content\/litespeed\/avatar\/b7dbace394e43620073038117269bd40.jpg?ver=1777094871","contentUrl":"https:\/\/www.kyodaikaratedo.com\/wp-content\/litespeed\/avatar\/b7dbace394e43620073038117269bd40.jpg?ver=1777094871","caption":"Yasmin Castillo"},"url":"https:\/\/www.kyodaikaratedo.com\/index.php\/author\/yasmin-castillo\/"}]}},"_links":{"self":[{"href":"https:\/\/www.kyodaikaratedo.com\/index.php\/wp-json\/wp\/v2\/posts\/576","targetHints":{"allow":["GET"]}}],"collection":[{"href":"https:\/\/www.kyodaikaratedo.com\/index.php\/wp-json\/wp\/v2\/posts"}],"about":[{"href":"https:\/\/www.kyodaikaratedo.com\/index.php\/wp-json\/wp\/v2\/types\/post"}],"author":[{"embeddable":true,"href":"https:\/\/www.kyodaikaratedo.com\/index.php\/wp-json\/wp\/v2\/users\/2"}],"replies":[{"embeddable":true,"href":"https:\/\/www.kyodaikaratedo.com\/index.php\/wp-json\/wp\/v2\/comments?post=576"}],"version-history":[{"count":1,"href":"https:\/\/www.kyodaikaratedo.com\/index.php\/wp-json\/wp\/v2\/posts\/576\/revisions"}],"predecessor-version":[{"id":580,"href":"https:\/\/www.kyodaikaratedo.com\/index.php\/wp-json\/wp\/v2\/posts\/576\/revisions\/580"}],"wp:attachment":[{"href":"https:\/\/www.kyodaikaratedo.com\/index.php\/wp-json\/wp\/v2\/media?parent=576"}],"wp:term":[{"taxonomy":"category","embeddable":true,"href":"https:\/\/www.kyodaikaratedo.com\/index.php\/wp-json\/wp\/v2\/categories?post=576"},{"taxonomy":"post_tag","embeddable":true,"href":"https:\/\/www.kyodaikaratedo.com\/index.php\/wp-json\/wp\/v2\/tags?post=576"}],"curies":[{"name":"wp","href":"https:\/\/api.w.org\/{rel}","templated":true}]}}